{"id":3401,"date":"2022-01-05T09:53:35","date_gmt":"2022-01-05T09:53:35","guid":{"rendered":"https:\/\/jperelloabogados.com\/?p=3401"},"modified":"2022-01-05T09:53:35","modified_gmt":"2022-01-05T09:53:35","slug":"die-gesetzlichen-garantien-die-der-eigentuemer-im-mietvertrag-eines-eigenheims-verlangen-kann","status":"publish","type":"post","link":"https:\/\/jperelloabogados.com\/de\/legal-de\/die-gesetzlichen-garantien-die-der-eigentuemer-im-mietvertrag-eines-eigenheims-verlangen-kann\/","title":{"rendered":"Die gesetzlichen Garantien, die der Eigent\u00fcmer im Mietvertrag eines Eigenheims verlangen kann"},"content":{"rendered":"<div class=\"fusion-fullwidth fullwidth-box fusion-builder-row-1 fusion-flex-container nonhundred-percent-fullwidth non-hundred-percent-height-scrolling\" style=\"background-color: rgba(255,255,255,0);background-position: center center;background-repeat: no-repeat;border-width: 0px 0px 0px 0px;border-color:rgba(0,0,0,0.08);border-style:solid;\" ><div class=\"fusion-builder-row fusion-row fusion-flex-align-items-flex-start\" style=\"max-width:1372.8px;margin-left: calc(-4% \/ 2 );margin-right: calc(-4% \/ 2 );\"><div class=\"fusion-layout-column fusion_builder_column fusion-builder-column-0 fusion_builder_column_1_1 1_1 fusion-flex-column\"><div class=\"fusion-column-wrapper fusion-flex-justify-content-flex-start fusion-content-layout-column\" style=\"background-position:left top;background-repeat:no-repeat;-webkit-background-size:cover;-moz-background-size:cover;-o-background-size:cover;background-size:cover;padding: 0px 0px 0px 0px;\"><div class=\"fusion-text fusion-text-1\" style=\"text-align:left;\"><p>In Anbetracht der Situation, in der wir uns befinden, lohnt es sich, sich an einige der rechtlichen Mechanismen zu erinnern, die die Bef\u00fcrchtungen der Eigent\u00fcmer so sehr (und zu Recht) wie die Nichtzahlung mindern oder verringern k\u00f6nnen.<\/p>\n<p>Obwohl auf dem Wohnungsmietmarkt eine gro\u00dfe Nachfrage besteht, die in den letzten Monaten aufgrund der Covid-Krise getrieben wurde, m\u00fcssen wir mehr denn je Vorsicht walten lassen, da viele dieser Mieter von anderen Immobilien \u201eabprallen\u201c (und mir den Ausdruck erlauben) ;; In vielen F\u00e4llen konnten sie die Miete nicht weiter bezahlen, weil sie vertrieben wurden, oder sie haben keine Einigung \u00fcber die \u00c4nderung der Vertragsbedingungen erzielt. Dies sind einige der vielen Gr\u00fcnde, warum der Mietverkehr in den letzten Monaten exponentiell gestiegen ist.<\/p>\n<p>Daher ist es notwendig, die Personen, denen wir unser Eigentum anvertrauen, sorgf\u00e4ltig auszuw\u00e4hlen und sicherzustellen, dass die aus dem Mietvertrag resultierenden Verpflichtungen eingehalten werden, sofern dies in unseren H\u00e4nden liegt. Im Folgenden fasse ich einige zus\u00e4tzliche Rechtsberatung und -mechanismen (gem\u00e4\u00df Artikel 36.5 des Urban Leases Law -LAU-) zu diesem Zweck zusammen:<\/p>\n<p>Stellen Sie die Zahlungsf\u00e4higkeit des potenziellen Mieters sicher<br \/>\nIn diesem Zusammenhang ist es erforderlich, die j\u00fcngste Gehalts- oder Gewinn- und Verlustrechnung anzufordern, um zu \u00fcberpr\u00fcfen, ob es sich um eine Person mit ausreichendem periodischem Einkommen handelt, um die vereinbarte Miete und das vereinbarte Einkommen zu decken.<\/p>\n<p>Auf der anderen Seite gibt es andere Mechanismen wie das \u00dcberpr\u00fcfen der Daten des potenziellen Mandanten in den derzeit vorhandenen kriminellen Datens\u00e4tzen, wie beispielsweise die idealista-Datenbank der kriminellen Mieter.<\/p>\n<p>Dar\u00fcber hinaus interessieren uns Mieter, die nicht bereit sind, bestimmte erforderliche Garantien zu erf\u00fcllen (z. B. eine Best\u00e4tigung oder einen gemeinsamen B\u00fcrgen), m\u00f6glicherweise nicht, da sie bereits bei Vertragsunterzeichnung ihre schlechte Zahlungsf\u00e4higkeit oder mangelnde Sicherheit nachweisen.<\/p>\n<p>Schlie\u00dfen Sie eine Versicherung f\u00fcr die Nichtzahlung der Miete ab<br \/>\nWenn wir ruhig bleiben und die unbezahlte Miete, m\u00f6gliche Sch\u00e4den, die am Haus entstehen k\u00f6nnen, vergessen m\u00f6chten \u2026 und es uns nichts ausmacht, eine monatliche Miete (ungef\u00e4hr) zu verlieren, ist es zu 100% ratsam, einen Versicherungsvertrag f\u00fcr Nicht-Mieter zu unterzeichnen -Zahlung der Miete.<\/p>\n<p>Leasingvertrag<br \/>\nEin guter Mietvertrag ist unabdingbar. Es wird dringend empfohlen, strafrechtliche Bestimmungen f\u00fcr den Fall der Nichtzahlung der Miete (z. B. Zinsen f\u00fcr versp\u00e4tete Zahlung oder Erhebung au\u00dfergerichtlicher Kosten) sowie Fotos des Hauses beizuf\u00fcgen, um dies zu best\u00e4tigen Zustand, in dem zum Zeitpunkt des Mietverh\u00e4ltnisses ein Inventar der geleasten M\u00f6bel zusammen mit der Immobilie usw. gefunden wird.<\/p>\n<p>Es ist auch notwendig, alle Vertragsparteien in den Vertrag einzubeziehen und ein gesamtschuldnerisches Haftungssystem festzulegen (wenn es sich beispielsweise um ein Ehepaar handelt, unterzeichnen beide den Vertrag, denn je mehr Personen den Vertrag unterzeichnen, desto mehr Personen werden verantwortlich daf\u00fcr.). Zu diesem Zweck ist es ratsam, den Vertrag mit Vorsicht zu erstellen und sich an einen guten Fachmann zu wenden, um ihn zu entwerfen oder zu \u00fcberpr\u00fcfen, um sicherzustellen, dass er den Anforderungen des Einzelfalls entspricht.<\/p>\n<p>Bankgarantie<br \/>\nAbgesehen von der obligatorischen Kaution wird dringend empfohlen, vom Vermieter eine Bankgarantie zu verlangen, wenn dies auf erste Anfrage und ohne Ausflug m\u00f6glich ist.<\/p>\n<p>Anzahlung<br \/>\nIm Gegensatz zur obligatorischen Anleihe handelt es sich bei dieser zus\u00e4tzlichen Garantie nicht um eine monatliche Miete, sondern um einen zwischen den Parteien frei vereinbarten Betrag (ohne die monatliche Miete zu \u00fcberschreiten). Diese Klausel muss im Vertrag mit dem genauen Betrag enthalten sein, der als Kaution zu liefern ist.<\/p>\n<p>Ein weiterer Unterschied zur Anleihe besteht darin, dass die Kaution nicht an die zust\u00e4ndige Stelle in der Autonomen Gemeinschaft geliefert werden sollte, sondern vom Eigent\u00fcmer aufbewahrt wird. Diese Kaution wird am Ende des Mieter-Eigent\u00fcmer-Verh\u00e4ltnisses zur\u00fcckerstattet, solange keine ausstehenden Schulden vorliegen, keine vertragliche Aufteilung vorliegt und keine Sch\u00e4den an der Wohnung durch Missbrauch der Immobilie entstanden sind.<\/p>\n<p>Solidarit\u00e4tsgarantie<br \/>\nDies ist eine dritte Person au\u00dferhalb des Mietvertrags, die im Falle eines Versto\u00dfes gegen diesen Mietvertrag gesamtschuldnerisch haftet. Auf diese Weise erweitern wir unsere Inkassom\u00f6glichkeiten im Falle eines m\u00f6glichen Versto\u00dfes.<\/p>\n<p>Nat\u00fcrlich ist es ratsam, sich an einen Experten zu wenden, um diese Verfahren durchzuf\u00fchren. Wie immer ist es besser, zum Arzt zu gehen, um Krankheiten vorzubeugen, und nicht, wenn Sie bereits krank geworden sind.<\/p>\n<\/div><\/div><style type=\"text\/css\">.fusion-body .fusion-builder-column-0{width:100% !important;margin-top : 0px;margin-bottom : 20px;}.fusion-builder-column-0 > .fusion-column-wrapper {padding-top : 0px !important;padding-right : 0px !important;margin-right : 1.92%;padding-bottom : 0px !important;padding-left : 0px !important;margin-left : 1.92%;}@media only screen and (max-width:1024px) {.fusion-body .fusion-builder-column-0{width:100% !important;order : 0;}.fusion-builder-column-0 > .fusion-column-wrapper {margin-right : 1.92%;margin-left : 1.92%;}}@media only screen and (max-width:640px) {.fusion-body .fusion-builder-column-0{width:100% !important;order : 0;}.fusion-builder-column-0 > .fusion-column-wrapper {margin-right : 1.92%;margin-left : 1.92%;}}<\/style><\/div><\/div><style type=\"text\/css\">.fusion-body .fusion-flex-container.fusion-builder-row-1{ padding-top : 0px;margin-top : 0px;padding-right : 20px;padding-bottom : 0px;margin-bottom : 0px;padding-left : 20px;}<\/style><\/div>\n","protected":false},"excerpt":{"rendered":"<p>Suspendisse id lobortis mauris. Nunc at orci sem. Aliquam nec felis sit amet tortor pellentesque cursus quis.<\/p>\n","protected":false},"author":1,"featured_media":3242,"comment_status":"open","ping_status":"open","sticky":false,"template":"","format":"standard","meta":[],"categories":[66],"tags":[],"yoast_head":"<!-- This site is optimized with the Yoast SEO plugin v18.3 - https:\/\/yoast.com\/wordpress\/plugins\/seo\/ -->\n<title>Die gesetzlichen Garantien, die der Eigent\u00fcmer im Mietvertrag eines Eigenheims verlangen kann - Jaume Perell&oacute; Abogados-Lawyers<\/title>\n<meta name=\"description\" content=\"- Jaume Perell&oacute; Abogados-Lawyers\" \/>\n<meta name=\"robots\" content=\"index, follow, max-snippet:-1, max-image-preview:large, max-video-preview:-1\" \/>\n<link rel=\"canonical\" href=\"https:\/\/jperelloabogados.com\/de\/legal-de\/die-gesetzlichen-garantien-die-der-eigentuemer-im-mietvertrag-eines-eigenheims-verlangen-kann\/\" \/>\n<meta property=\"og:locale\" content=\"de_DE\" \/>\n<meta property=\"og:type\" content=\"article\" \/>\n<meta property=\"og:title\" content=\"Die gesetzlichen Garantien, die der Eigent\u00fcmer im Mietvertrag eines Eigenheims verlangen kann - Jaume Perell&oacute; Abogados-Lawyers\" \/>\n<meta property=\"og:description\" content=\"- Jaume Perell&oacute; Abogados-Lawyers\" \/>\n<meta property=\"og:url\" content=\"https:\/\/jperelloabogados.com\/de\/legal-de\/die-gesetzlichen-garantien-die-der-eigentuemer-im-mietvertrag-eines-eigenheims-verlangen-kann\/\" \/>\n<meta property=\"og:site_name\" content=\"Jaume Perell&oacute; Abogados-Lawyers\" \/>\n<meta property=\"article:publisher\" content=\"https:\/\/www.facebook.com\/JaumePerelloAbogados\" \/>\n<meta property=\"article:published_time\" content=\"2022-01-05T09:53:35+00:00\" \/>\n<meta property=\"og:image\" content=\"https:\/\/jperelloabogados.com\/wp-content\/uploads\/2020\/08\/Las-garantias-legales-que-el-propietario-puede-exigir-en-el-contrato-de-alquiler-de-una-vivienda.jpg\" \/>\n\t<meta property=\"og:image:width\" content=\"744\" \/>\n\t<meta property=\"og:image:height\" content=\"389\" \/>\n\t<meta property=\"og:image:type\" content=\"image\/jpeg\" \/>\n<meta name=\"twitter:card\" content=\"summary_large_image\" \/>\n<meta name=\"twitter:label1\" content=\"Verfasst von\" \/>\n\t<meta name=\"twitter:data1\" content=\"admin\" \/>\n\t<meta name=\"twitter:label2\" content=\"Gesch\u00e4tzte Lesezeit\" \/>\n\t<meta name=\"twitter:data2\" content=\"6 Minuten\" \/>\n<script type=\"application\/ld+json\" class=\"yoast-schema-graph\">{\"@context\":\"https:\/\/schema.org\",\"@graph\":[{\"@type\":\"Organization\",\"@id\":\"https:\/\/jperelloabogados.com\/de\/#organization\",\"name\":\"Jaume Perell\u00f3 Abogados\",\"url\":\"https:\/\/jperelloabogados.com\/de\/\",\"sameAs\":[\"https:\/\/www.facebook.com\/JaumePerelloAbogados\",\"https:\/\/www.instagram.com\/jaumeparro\/?hl=es\"],\"logo\":{\"@type\":\"ImageObject\",\"@id\":\"https:\/\/jperelloabogados.com\/de\/#logo\",\"inLanguage\":\"de-DE\",\"url\":\"https:\/\/jperelloabogados.com\/wp-content\/uploads\/2022\/01\/jperelloabogados-logo-2x-400x74-1.jpg\",\"contentUrl\":\"https:\/\/jperelloabogados.com\/wp-content\/uploads\/2022\/01\/jperelloabogados-logo-2x-400x74-1.jpg\",\"width\":400,\"height\":74,\"caption\":\"Jaume Perell\u00f3 Abogados\"},\"image\":{\"@id\":\"https:\/\/jperelloabogados.com\/de\/#logo\"}},{\"@type\":\"WebSite\",\"@id\":\"https:\/\/jperelloabogados.com\/de\/#website\",\"url\":\"https:\/\/jperelloabogados.com\/de\/\",\"name\":\"Jaume Perell&oacute; Abogados-Lawyers\",\"description\":\"Abogado en Inca (Mallorca) | Especialista en Derecho Inmobiliario y urban&iacute;stico.\",\"publisher\":{\"@id\":\"https:\/\/jperelloabogados.com\/de\/#organization\"},\"potentialAction\":[{\"@type\":\"SearchAction\",\"target\":{\"@type\":\"EntryPoint\",\"urlTemplate\":\"https:\/\/jperelloabogados.com\/de\/?s={search_term_string}\"},\"query-input\":\"required name=search_term_string\"}],\"inLanguage\":\"de-DE\"},{\"@type\":\"ImageObject\",\"@id\":\"https:\/\/jperelloabogados.com\/de\/legal-de\/die-gesetzlichen-garantien-die-der-eigentuemer-im-mietvertrag-eines-eigenheims-verlangen-kann\/#primaryimage\",\"inLanguage\":\"de-DE\",\"url\":\"https:\/\/jperelloabogados.com\/wp-content\/uploads\/2020\/08\/Las-garantias-legales-que-el-propietario-puede-exigir-en-el-contrato-de-alquiler-de-una-vivienda.jpg\",\"contentUrl\":\"https:\/\/jperelloabogados.com\/wp-content\/uploads\/2020\/08\/Las-garantias-legales-que-el-propietario-puede-exigir-en-el-contrato-de-alquiler-de-una-vivienda.jpg\",\"width\":744,\"height\":389},{\"@type\":\"WebPage\",\"@id\":\"https:\/\/jperelloabogados.com\/de\/legal-de\/die-gesetzlichen-garantien-die-der-eigentuemer-im-mietvertrag-eines-eigenheims-verlangen-kann\/#webpage\",\"url\":\"https:\/\/jperelloabogados.com\/de\/legal-de\/die-gesetzlichen-garantien-die-der-eigentuemer-im-mietvertrag-eines-eigenheims-verlangen-kann\/\",\"name\":\"Die gesetzlichen Garantien, die der Eigent\u00fcmer im Mietvertrag eines Eigenheims verlangen kann - Jaume Perell&oacute; Abogados-Lawyers\",\"isPartOf\":{\"@id\":\"https:\/\/jperelloabogados.com\/de\/#website\"},\"primaryImageOfPage\":{\"@id\":\"https:\/\/jperelloabogados.com\/de\/legal-de\/die-gesetzlichen-garantien-die-der-eigentuemer-im-mietvertrag-eines-eigenheims-verlangen-kann\/#primaryimage\"},\"datePublished\":\"2022-01-05T09:53:35+00:00\",\"dateModified\":\"2022-01-05T09:53:35+00:00\",\"description\":\"- Jaume Perell&oacute; Abogados-Lawyers\",\"breadcrumb\":{\"@id\":\"https:\/\/jperelloabogados.com\/de\/legal-de\/die-gesetzlichen-garantien-die-der-eigentuemer-im-mietvertrag-eines-eigenheims-verlangen-kann\/#breadcrumb\"},\"inLanguage\":\"de-DE\",\"potentialAction\":[{\"@type\":\"ReadAction\",\"target\":[\"https:\/\/jperelloabogados.com\/de\/legal-de\/die-gesetzlichen-garantien-die-der-eigentuemer-im-mietvertrag-eines-eigenheims-verlangen-kann\/\"]}]},{\"@type\":\"BreadcrumbList\",\"@id\":\"https:\/\/jperelloabogados.com\/de\/legal-de\/die-gesetzlichen-garantien-die-der-eigentuemer-im-mietvertrag-eines-eigenheims-verlangen-kann\/#breadcrumb\",\"itemListElement\":[{\"@type\":\"ListItem\",\"position\":1,\"name\":\"Portada\",\"item\":\"https:\/\/jperelloabogados.com\/de\/\"},{\"@type\":\"ListItem\",\"position\":2,\"name\":\"Die gesetzlichen Garantien, die der Eigent\u00fcmer im Mietvertrag eines Eigenheims verlangen kann\"}]},{\"@type\":\"Article\",\"@id\":\"https:\/\/jperelloabogados.com\/de\/legal-de\/die-gesetzlichen-garantien-die-der-eigentuemer-im-mietvertrag-eines-eigenheims-verlangen-kann\/#article\",\"isPartOf\":{\"@id\":\"https:\/\/jperelloabogados.com\/de\/legal-de\/die-gesetzlichen-garantien-die-der-eigentuemer-im-mietvertrag-eines-eigenheims-verlangen-kann\/#webpage\"},\"author\":{\"@id\":\"https:\/\/jperelloabogados.com\/de\/#\/schema\/person\/28a862ab83bd23e6e086a13f527931dd\"},\"headline\":\"Die gesetzlichen Garantien, die der Eigent\u00fcmer im Mietvertrag eines Eigenheims verlangen kann\",\"datePublished\":\"2022-01-05T09:53:35+00:00\",\"dateModified\":\"2022-01-05T09:53:35+00:00\",\"mainEntityOfPage\":{\"@id\":\"https:\/\/jperelloabogados.com\/de\/legal-de\/die-gesetzlichen-garantien-die-der-eigentuemer-im-mietvertrag-eines-eigenheims-verlangen-kann\/#webpage\"},\"wordCount\":1199,\"commentCount\":0,\"publisher\":{\"@id\":\"https:\/\/jperelloabogados.com\/de\/#organization\"},\"image\":{\"@id\":\"https:\/\/jperelloabogados.com\/de\/legal-de\/die-gesetzlichen-garantien-die-der-eigentuemer-im-mietvertrag-eines-eigenheims-verlangen-kann\/#primaryimage\"},\"thumbnailUrl\":\"https:\/\/jperelloabogados.com\/wp-content\/uploads\/2020\/08\/Las-garantias-legales-que-el-propietario-puede-exigir-en-el-contrato-de-alquiler-de-una-vivienda.jpg\",\"articleSection\":[\"Legal\"],\"inLanguage\":\"de-DE\",\"potentialAction\":[{\"@type\":\"CommentAction\",\"name\":\"Comment\",\"target\":[\"https:\/\/jperelloabogados.com\/de\/legal-de\/die-gesetzlichen-garantien-die-der-eigentuemer-im-mietvertrag-eines-eigenheims-verlangen-kann\/#respond\"]}]},{\"@type\":\"Person\",\"@id\":\"https:\/\/jperelloabogados.com\/de\/#\/schema\/person\/28a862ab83bd23e6e086a13f527931dd\",\"name\":\"admin\",\"image\":{\"@type\":\"ImageObject\",\"@id\":\"https:\/\/jperelloabogados.com\/de\/#personlogo\",\"inLanguage\":\"de-DE\",\"url\":\"https:\/\/secure.gravatar.com\/avatar\/f2c5d7ffed1b0dd3cbefe39e13917f66?s=96&d=mm&r=g\",\"contentUrl\":\"https:\/\/secure.gravatar.com\/avatar\/f2c5d7ffed1b0dd3cbefe39e13917f66?s=96&d=mm&r=g\",\"caption\":\"admin\"},\"sameAs\":[\"https:\/\/jperelloabogados.com\"],\"url\":\"https:\/\/jperelloabogados.com\/de\/author\/admin\/\"}]}<\/script>\n<!-- \/ Yoast SEO plugin. -->","yoast_head_json":{"title":"Die gesetzlichen Garantien, die der Eigent\u00fcmer im Mietvertrag eines Eigenheims verlangen kann - Jaume Perell&oacute; Abogados-Lawyers","description":"- Jaume Perell&oacute; Abogados-Lawyers","robots":{"index":"index","follow":"follow","max-snippet":"max-snippet:-1","max-image-preview":"max-image-preview:large","max-video-preview":"max-video-preview:-1"},"canonical":"https:\/\/jperelloabogados.com\/de\/legal-de\/die-gesetzlichen-garantien-die-der-eigentuemer-im-mietvertrag-eines-eigenheims-verlangen-kann\/","og_locale":"de_DE","og_type":"article","og_title":"Die gesetzlichen Garantien, die der Eigent\u00fcmer im Mietvertrag eines Eigenheims verlangen kann - Jaume Perell&oacute; Abogados-Lawyers","og_description":"- Jaume Perell&oacute; Abogados-Lawyers","og_url":"https:\/\/jperelloabogados.com\/de\/legal-de\/die-gesetzlichen-garantien-die-der-eigentuemer-im-mietvertrag-eines-eigenheims-verlangen-kann\/","og_site_name":"Jaume Perell&oacute; Abogados-Lawyers","article_publisher":"https:\/\/www.facebook.com\/JaumePerelloAbogados","article_published_time":"2022-01-05T09:53:35+00:00","og_image":[{"width":744,"height":389,"url":"https:\/\/jperelloabogados.com\/wp-content\/uploads\/2020\/08\/Las-garantias-legales-que-el-propietario-puede-exigir-en-el-contrato-de-alquiler-de-una-vivienda.jpg","type":"image\/jpeg"}],"twitter_card":"summary_large_image","twitter_misc":{"Verfasst von":"admin","Gesch\u00e4tzte Lesezeit":"6 Minuten"},"schema":{"@context":"https:\/\/schema.org","@graph":[{"@type":"Organization","@id":"https:\/\/jperelloabogados.com\/de\/#organization","name":"Jaume Perell\u00f3 Abogados","url":"https:\/\/jperelloabogados.com\/de\/","sameAs":["https:\/\/www.facebook.com\/JaumePerelloAbogados","https:\/\/www.instagram.com\/jaumeparro\/?hl=es"],"logo":{"@type":"ImageObject","@id":"https:\/\/jperelloabogados.com\/de\/#logo","inLanguage":"de-DE","url":"https:\/\/jperelloabogados.com\/wp-content\/uploads\/2022\/01\/jperelloabogados-logo-2x-400x74-1.jpg","contentUrl":"https:\/\/jperelloabogados.com\/wp-content\/uploads\/2022\/01\/jperelloabogados-logo-2x-400x74-1.jpg","width":400,"height":74,"caption":"Jaume Perell\u00f3 Abogados"},"image":{"@id":"https:\/\/jperelloabogados.com\/de\/#logo"}},{"@type":"WebSite","@id":"https:\/\/jperelloabogados.com\/de\/#website","url":"https:\/\/jperelloabogados.com\/de\/","name":"Jaume Perell&oacute; Abogados-Lawyers","description":"Abogado en Inca (Mallorca) | Especialista en Derecho Inmobiliario y urban&iacute;stico.","publisher":{"@id":"https:\/\/jperelloabogados.com\/de\/#organization"},"potentialAction":[{"@type":"SearchAction","target":{"@type":"EntryPoint","urlTemplate":"https:\/\/jperelloabogados.com\/de\/?s={search_term_string}"},"query-input":"required name=search_term_string"}],"inLanguage":"de-DE"},{"@type":"ImageObject","@id":"https:\/\/jperelloabogados.com\/de\/legal-de\/die-gesetzlichen-garantien-die-der-eigentuemer-im-mietvertrag-eines-eigenheims-verlangen-kann\/#primaryimage","inLanguage":"de-DE","url":"https:\/\/jperelloabogados.com\/wp-content\/uploads\/2020\/08\/Las-garantias-legales-que-el-propietario-puede-exigir-en-el-contrato-de-alquiler-de-una-vivienda.jpg","contentUrl":"https:\/\/jperelloabogados.com\/wp-content\/uploads\/2020\/08\/Las-garantias-legales-que-el-propietario-puede-exigir-en-el-contrato-de-alquiler-de-una-vivienda.jpg","width":744,"height":389},{"@type":"WebPage","@id":"https:\/\/jperelloabogados.com\/de\/legal-de\/die-gesetzlichen-garantien-die-der-eigentuemer-im-mietvertrag-eines-eigenheims-verlangen-kann\/#webpage","url":"https:\/\/jperelloabogados.com\/de\/legal-de\/die-gesetzlichen-garantien-die-der-eigentuemer-im-mietvertrag-eines-eigenheims-verlangen-kann\/","name":"Die gesetzlichen Garantien, die der Eigent\u00fcmer im Mietvertrag eines Eigenheims verlangen kann - Jaume Perell&oacute; Abogados-Lawyers","isPartOf":{"@id":"https:\/\/jperelloabogados.com\/de\/#website"},"primaryImageOfPage":{"@id":"https:\/\/jperelloabogados.com\/de\/legal-de\/die-gesetzlichen-garantien-die-der-eigentuemer-im-mietvertrag-eines-eigenheims-verlangen-kann\/#primaryimage"},"datePublished":"2022-01-05T09:53:35+00:00","dateModified":"2022-01-05T09:53:35+00:00","description":"- Jaume Perell&oacute; Abogados-Lawyers","breadcrumb":{"@id":"https:\/\/jperelloabogados.com\/de\/legal-de\/die-gesetzlichen-garantien-die-der-eigentuemer-im-mietvertrag-eines-eigenheims-verlangen-kann\/#breadcrumb"},"inLanguage":"de-DE","potentialAction":[{"@type":"ReadAction","target":["https:\/\/jperelloabogados.com\/de\/legal-de\/die-gesetzlichen-garantien-die-der-eigentuemer-im-mietvertrag-eines-eigenheims-verlangen-kann\/"]}]},{"@type":"BreadcrumbList","@id":"https:\/\/jperelloabogados.com\/de\/legal-de\/die-gesetzlichen-garantien-die-der-eigentuemer-im-mietvertrag-eines-eigenheims-verlangen-kann\/#breadcrumb","itemListElement":[{"@type":"ListItem","position":1,"name":"Portada","item":"https:\/\/jperelloabogados.com\/de\/"},{"@type":"ListItem","position":2,"name":"Die gesetzlichen Garantien, die der Eigent\u00fcmer im Mietvertrag eines Eigenheims verlangen kann"}]},{"@type":"Article","@id":"https:\/\/jperelloabogados.com\/de\/legal-de\/die-gesetzlichen-garantien-die-der-eigentuemer-im-mietvertrag-eines-eigenheims-verlangen-kann\/#article","isPartOf":{"@id":"https:\/\/jperelloabogados.com\/de\/legal-de\/die-gesetzlichen-garantien-die-der-eigentuemer-im-mietvertrag-eines-eigenheims-verlangen-kann\/#webpage"},"author":{"@id":"https:\/\/jperelloabogados.com\/de\/#\/schema\/person\/28a862ab83bd23e6e086a13f527931dd"},"headline":"Die gesetzlichen Garantien, die der Eigent\u00fcmer im Mietvertrag eines Eigenheims verlangen kann","datePublished":"2022-01-05T09:53:35+00:00","dateModified":"2022-01-05T09:53:35+00:00","mainEntityOfPage":{"@id":"https:\/\/jperelloabogados.com\/de\/legal-de\/die-gesetzlichen-garantien-die-der-eigentuemer-im-mietvertrag-eines-eigenheims-verlangen-kann\/#webpage"},"wordCount":1199,"commentCount":0,"publisher":{"@id":"https:\/\/jperelloabogados.com\/de\/#organization"},"image":{"@id":"https:\/\/jperelloabogados.com\/de\/legal-de\/die-gesetzlichen-garantien-die-der-eigentuemer-im-mietvertrag-eines-eigenheims-verlangen-kann\/#primaryimage"},"thumbnailUrl":"https:\/\/jperelloabogados.com\/wp-content\/uploads\/2020\/08\/Las-garantias-legales-que-el-propietario-puede-exigir-en-el-contrato-de-alquiler-de-una-vivienda.jpg","articleSection":["Legal"],"inLanguage":"de-DE","potentialAction":[{"@type":"CommentAction","name":"Comment","target":["https:\/\/jperelloabogados.com\/de\/legal-de\/die-gesetzlichen-garantien-die-der-eigentuemer-im-mietvertrag-eines-eigenheims-verlangen-kann\/#respond"]}]},{"@type":"Person","@id":"https:\/\/jperelloabogados.com\/de\/#\/schema\/person\/28a862ab83bd23e6e086a13f527931dd","name":"admin","image":{"@type":"ImageObject","@id":"https:\/\/jperelloabogados.com\/de\/#personlogo","inLanguage":"de-DE","url":"https:\/\/secure.gravatar.com\/avatar\/f2c5d7ffed1b0dd3cbefe39e13917f66?s=96&d=mm&r=g","contentUrl":"https:\/\/secure.gravatar.com\/avatar\/f2c5d7ffed1b0dd3cbefe39e13917f66?s=96&d=mm&r=g","caption":"admin"},"sameAs":["https:\/\/jperelloabogados.com"],"url":"https:\/\/jperelloabogados.com\/de\/author\/admin\/"}]}},"_links":{"self":[{"href":"https:\/\/jperelloabogados.com\/de\/wp-json\/wp\/v2\/posts\/3401"}],"collection":[{"href":"https:\/\/jperelloabogados.com\/de\/wp-json\/wp\/v2\/posts"}],"about":[{"href":"https:\/\/jperelloabogados.com\/de\/wp-json\/wp\/v2\/types\/post"}],"author":[{"embeddable":true,"href":"https:\/\/jperelloabogados.com\/de\/wp-json\/wp\/v2\/users\/1"}],"replies":[{"embeddable":true,"href":"https:\/\/jperelloabogados.com\/de\/wp-json\/wp\/v2\/comments?post=3401"}],"version-history":[{"count":3,"href":"https:\/\/jperelloabogados.com\/de\/wp-json\/wp\/v2\/posts\/3401\/revisions"}],"predecessor-version":[{"id":3404,"href":"https:\/\/jperelloabogados.com\/de\/wp-json\/wp\/v2\/posts\/3401\/revisions\/3404"}],"wp:featuredmedia":[{"embeddable":true,"href":"https:\/\/jperelloabogados.com\/de\/wp-json\/wp\/v2\/media\/3242"}],"wp:attachment":[{"href":"https:\/\/jperelloabogados.com\/de\/wp-json\/wp\/v2\/media?parent=3401"}],"wp:term":[{"taxonomy":"category","embeddable":true,"href":"https:\/\/jperelloabogados.com\/de\/wp-json\/wp\/v2\/categories?post=3401"},{"taxonomy":"post_tag","embeddable":true,"href":"https:\/\/jperelloabogados.com\/de\/wp-json\/wp\/v2\/tags?post=3401"}],"curies":[{"name":"wp","href":"https:\/\/api.w.org\/{rel}","templated":true}]}}