{"id":3698,"date":"2024-12-17T07:36:42","date_gmt":"2024-12-17T07:36:42","guid":{"rendered":"https:\/\/jperelloabogados.com\/?p=3698"},"modified":"2024-12-17T07:39:41","modified_gmt":"2024-12-17T07:39:41","slug":"real-estate-law-specialist-in-pollenca-and-alcudia","status":"publish","type":"post","link":"https:\/\/jperelloabogados.com\/en\/real-estate-law\/real-estate-law-specialist-in-pollenca-and-alcudia\/","title":{"rendered":"Real Estate Law Specialist in Pollen\u00e7a and Alc\u00fadia"},"content":{"rendered":"<p>Real Estate Law Specialist in Pollen\u00e7a and Alc\u00fadia: Trusted Legal Advice<\/p>\n<p>If you\u2019re looking for a\u00a0local and\u00a0reliable real estate lawyer in Pollen\u00e7a or Alc\u00fadia, you\u2019ve come to the right place. With extensive experience in real estate law in Mallorca,\u00a0specially in Pollenca or Alcudia,\u00a0I provide personalized and efficient legal services tailored to the needs of individuals, investors, and businesses seeking to buy, sell, or manage properties in these exceptional towns.<\/p>\n<p>We are very familiar with the Alcudia and Pollenca city council as we have been working for a long time.<\/p>\n<p>Pollen\u00e7a and Alc\u00fadia: Two Real Estate Gems in Mallorca<\/p>\n<p>Pollen\u00e7a and Alc\u00fadia are two of the most sought-after locations for property investment in Mallorca. Their stunning landscapes, rich history, and high quality of life make them prime destinations for purchasing a home or establishing a business. However, the real estate market in these areas has its own complexities, requiring in-depth knowledge of local, regional, and national regulations.<\/p>\n<p>My Legal Services in Real Estate<\/p>\n<p>As a real estate law specialist, I offer a wide range of services to ensure the legal security of your transactions in Pollen\u00e7a and Alc\u00fadia:<\/p>\n<p>1. Property Purchases and Sales<\/p>\n<p>\u2022 Drafting and reviewing purchase agreements.<\/p>\n<p>\u2022 Conducting legal due diligence to verify liens, encumbrances, and registry status.<\/p>\n<p>\u2022 Advising on taxes related to property transactions.<\/p>\n<p>2. Rentals and Leases<\/p>\n<p>\u2022 Drafting rental agreements.<\/p>\n<p>\u2022 Resolving disputes between landlords and tenants.<\/p>\n<p>3. Licenses and Urban Planning<\/p>\n<p>\u2022 Advising on local urban planning regulations.<\/p>\n<p>\u2022 Processing building and activity permits.<\/p>\n<p>* Obtaining military permits.<\/p>\n<p>* Check the urbanistic and legal condition of the property (e.g. out of order, urbanisitic infractions).<\/p>\n<p>4. Dispute Resolution<\/p>\n<p>\u2022 Mediation and representation in real estate disputes.<\/p>\n<p>\u2022 Litigation related to property issues.<\/p>\n<p>A Career Built on Excellence<\/p>\n<p>Throughout my career, I have had the privilege of working with two of Spain\u2019s top law firms specializing in real estate law: Roca Junyent and Garrigues. This experience has provided me with unmatched expertise in handling complex real estate transactions and disputes, ensuring that my clients receive the highest level of legal support.<\/p>\n<p>Why Choose Me as Your Lawyer in Pollen\u00e7a and Alc\u00fadia<\/p>\n<p>\u2022 Local Expertise: I have an in-depth understanding of the real estate market in Pollen\u00e7a and Alc\u00fadia, as well as the specific regulations affecting these areas.<\/p>\n<p>\u2022 Comprehensive Advice: I provide end-to-end support, guiding you through every stage of your real estate transaction for total peace of mind.<\/p>\n<p>\u2022 Personalized Service: Every client and case is unique, and my priority is to deliver tailor-made solutions.<\/p>\n<p>Contact Me Today<\/p>\n<p>If you need a lawyer specialized in real estate law in Pollen\u00e7a or Alc\u00fadia, don\u2019t hesitate to reach out. I\u2019ll be happy to help you carry out your real estate projects with the highest level of legal security.<\/p>\n","protected":false},"excerpt":{"rendered":"<p>Real Estate Law Specialist in Pollen\u00e7a and Alc\u00fadia: Trusted Legal [&hellip;]<\/p>\n","protected":false},"author":1,"featured_media":3699,"comment_status":"open","ping_status":"open","sticky":false,"template":"","format":"standard","meta":[],"categories":[63],"tags":[115,114,80],"yoast_head":"<!-- This site is optimized with the Yoast SEO plugin v18.3 - https:\/\/yoast.com\/wordpress\/plugins\/seo\/ -->\n<title>Real Estate Law Specialist in Pollen\u00e7a and Alc\u00fadia - Jaume Perell&oacute; Abogados-Lawyers<\/title>\n<meta name=\"description\" content=\"Real estate law - Jaume Perell&oacute; Abogados-Lawyers\" \/>\n<meta name=\"robots\" content=\"index, follow, max-snippet:-1, max-image-preview:large, max-video-preview:-1\" \/>\n<link rel=\"canonical\" href=\"https:\/\/jperelloabogados.com\/en\/real-estate-law\/real-estate-law-specialist-in-pollenca-and-alcudia\/\" \/>\n<meta property=\"og:locale\" content=\"en_US\" \/>\n<meta property=\"og:type\" content=\"article\" \/>\n<meta property=\"og:title\" content=\"Real Estate Law Specialist in Pollen\u00e7a and Alc\u00fadia - Jaume Perell&oacute; Abogados-Lawyers\" \/>\n<meta property=\"og:description\" content=\"Real estate law - Jaume Perell&oacute; Abogados-Lawyers\" \/>\n<meta property=\"og:url\" content=\"https:\/\/jperelloabogados.com\/en\/real-estate-law\/real-estate-law-specialist-in-pollenca-and-alcudia\/\" \/>\n<meta property=\"og:site_name\" content=\"Jaume Perell&oacute; Abogados-Lawyers\" \/>\n<meta property=\"article:publisher\" content=\"https:\/\/www.facebook.com\/JaumePerelloAbogados\" \/>\n<meta property=\"article:published_time\" content=\"2024-12-17T07:36:42+00:00\" \/>\n<meta property=\"article:modified_time\" content=\"2024-12-17T07:39:41+00:00\" \/>\n<meta name=\"twitter:card\" content=\"summary_large_image\" \/>\n<meta name=\"twitter:image\" content=\"https:\/\/jperelloabogados.com\/wp-content\/uploads\/2024\/12\/alcudia-mallorca.webp\" \/>\n<meta name=\"twitter:label1\" content=\"Written by\" \/>\n\t<meta name=\"twitter:data1\" content=\"admin\" \/>\n\t<meta name=\"twitter:label2\" content=\"Est. reading time\" \/>\n\t<meta name=\"twitter:data2\" content=\"3 minutes\" \/>\n<script type=\"application\/ld+json\" class=\"yoast-schema-graph\">{\"@context\":\"https:\/\/schema.org\",\"@graph\":[{\"@type\":\"Organization\",\"@id\":\"https:\/\/jperelloabogados.com\/de\/#organization\",\"name\":\"Jaume Perell\u00f3 Abogados\",\"url\":\"https:\/\/jperelloabogados.com\/de\/\",\"sameAs\":[\"https:\/\/www.facebook.com\/JaumePerelloAbogados\",\"https:\/\/www.instagram.com\/jaumeparro\/?hl=es\"],\"logo\":{\"@type\":\"ImageObject\",\"@id\":\"https:\/\/jperelloabogados.com\/de\/#logo\",\"inLanguage\":\"en-US\",\"url\":\"https:\/\/jperelloabogados.com\/wp-content\/uploads\/2022\/01\/jperelloabogados-logo-2x-400x74-1.jpg\",\"contentUrl\":\"https:\/\/jperelloabogados.com\/wp-content\/uploads\/2022\/01\/jperelloabogados-logo-2x-400x74-1.jpg\",\"width\":400,\"height\":74,\"caption\":\"Jaume Perell\u00f3 Abogados\"},\"image\":{\"@id\":\"https:\/\/jperelloabogados.com\/de\/#logo\"}},{\"@type\":\"WebSite\",\"@id\":\"https:\/\/jperelloabogados.com\/de\/#website\",\"url\":\"https:\/\/jperelloabogados.com\/de\/\",\"name\":\"Jaume Perell&oacute; Abogados-Lawyers\",\"description\":\"Abogado en Inca (Mallorca) | Especialista en Derecho Inmobiliario y urban&iacute;stico.\",\"publisher\":{\"@id\":\"https:\/\/jperelloabogados.com\/de\/#organization\"},\"potentialAction\":[{\"@type\":\"SearchAction\",\"target\":{\"@type\":\"EntryPoint\",\"urlTemplate\":\"https:\/\/jperelloabogados.com\/de\/?s={search_term_string}\"},\"query-input\":\"required name=search_term_string\"}],\"inLanguage\":\"en-US\"},{\"@type\":\"ImageObject\",\"@id\":\"https:\/\/jperelloabogados.com\/en\/real-estate-law\/real-estate-law-specialist-in-pollenca-and-alcudia\/#primaryimage\",\"inLanguage\":\"en-US\",\"url\":\"https:\/\/jperelloabogados.com\/wp-content\/uploads\/2024\/12\/alcudia-mallorca.webp\",\"contentUrl\":\"https:\/\/jperelloabogados.com\/wp-content\/uploads\/2024\/12\/alcudia-mallorca.webp\",\"width\":1792,\"height\":1024},{\"@type\":\"WebPage\",\"@id\":\"https:\/\/jperelloabogados.com\/en\/real-estate-law\/real-estate-law-specialist-in-pollenca-and-alcudia\/#webpage\",\"url\":\"https:\/\/jperelloabogados.com\/en\/real-estate-law\/real-estate-law-specialist-in-pollenca-and-alcudia\/\",\"name\":\"Real Estate Law Specialist in Pollen\u00e7a and Alc\u00fadia - Jaume Perell&oacute; Abogados-Lawyers\",\"isPartOf\":{\"@id\":\"https:\/\/jperelloabogados.com\/de\/#website\"},\"primaryImageOfPage\":{\"@id\":\"https:\/\/jperelloabogados.com\/en\/real-estate-law\/real-estate-law-specialist-in-pollenca-and-alcudia\/#primaryimage\"},\"datePublished\":\"2024-12-17T07:36:42+00:00\",\"dateModified\":\"2024-12-17T07:39:41+00:00\",\"description\":\"Real estate law - Jaume Perell&oacute; Abogados-Lawyers\",\"breadcrumb\":{\"@id\":\"https:\/\/jperelloabogados.com\/en\/real-estate-law\/real-estate-law-specialist-in-pollenca-and-alcudia\/#breadcrumb\"},\"inLanguage\":\"en-US\",\"potentialAction\":[{\"@type\":\"ReadAction\",\"target\":[\"https:\/\/jperelloabogados.com\/en\/real-estate-law\/real-estate-law-specialist-in-pollenca-and-alcudia\/\"]}]},{\"@type\":\"BreadcrumbList\",\"@id\":\"https:\/\/jperelloabogados.com\/en\/real-estate-law\/real-estate-law-specialist-in-pollenca-and-alcudia\/#breadcrumb\",\"itemListElement\":[{\"@type\":\"ListItem\",\"position\":1,\"name\":\"Portada\",\"item\":\"https:\/\/jperelloabogados.com\/en\/\"},{\"@type\":\"ListItem\",\"position\":2,\"name\":\"Real Estate Law Specialist in Pollen\u00e7a and Alc\u00fadia\"}]},{\"@type\":\"Article\",\"@id\":\"https:\/\/jperelloabogados.com\/en\/real-estate-law\/real-estate-law-specialist-in-pollenca-and-alcudia\/#article\",\"isPartOf\":{\"@id\":\"https:\/\/jperelloabogados.com\/en\/real-estate-law\/real-estate-law-specialist-in-pollenca-and-alcudia\/#webpage\"},\"author\":{\"@id\":\"https:\/\/jperelloabogados.com\/de\/#\/schema\/person\/28a862ab83bd23e6e086a13f527931dd\"},\"headline\":\"Real Estate Law Specialist in Pollen\u00e7a and Alc\u00fadia\",\"datePublished\":\"2024-12-17T07:36:42+00:00\",\"dateModified\":\"2024-12-17T07:39:41+00:00\",\"mainEntityOfPage\":{\"@id\":\"https:\/\/jperelloabogados.com\/en\/real-estate-law\/real-estate-law-specialist-in-pollenca-and-alcudia\/#webpage\"},\"wordCount\":480,\"commentCount\":0,\"publisher\":{\"@id\":\"https:\/\/jperelloabogados.com\/de\/#organization\"},\"image\":{\"@id\":\"https:\/\/jperelloabogados.com\/en\/real-estate-law\/real-estate-law-specialist-in-pollenca-and-alcudia\/#primaryimage\"},\"thumbnailUrl\":\"https:\/\/jperelloabogados.com\/wp-content\/uploads\/2024\/12\/alcudia-mallorca.webp\",\"keywords\":[\"Alc\u00fadia\",\"Pollen\u00e7a\",\"real estate law\"],\"articleSection\":[\"Real estate law\"],\"inLanguage\":\"en-US\",\"potentialAction\":[{\"@type\":\"CommentAction\",\"name\":\"Comment\",\"target\":[\"https:\/\/jperelloabogados.com\/en\/real-estate-law\/real-estate-law-specialist-in-pollenca-and-alcudia\/#respond\"]}]},{\"@type\":\"Person\",\"@id\":\"https:\/\/jperelloabogados.com\/de\/#\/schema\/person\/28a862ab83bd23e6e086a13f527931dd\",\"name\":\"admin\",\"image\":{\"@type\":\"ImageObject\",\"@id\":\"https:\/\/jperelloabogados.com\/de\/#personlogo\",\"inLanguage\":\"en-US\",\"url\":\"https:\/\/secure.gravatar.com\/avatar\/f2c5d7ffed1b0dd3cbefe39e13917f66?s=96&d=mm&r=g\",\"contentUrl\":\"https:\/\/secure.gravatar.com\/avatar\/f2c5d7ffed1b0dd3cbefe39e13917f66?s=96&d=mm&r=g\",\"caption\":\"admin\"},\"sameAs\":[\"https:\/\/jperelloabogados.com\"],\"url\":\"https:\/\/jperelloabogados.com\/en\/author\/admin\/\"}]}<\/script>\n<!-- \/ Yoast SEO plugin. -->","yoast_head_json":{"title":"Real Estate Law Specialist in Pollen\u00e7a and Alc\u00fadia - Jaume Perell&oacute; Abogados-Lawyers","description":"Real estate law - Jaume Perell&oacute; Abogados-Lawyers","robots":{"index":"index","follow":"follow","max-snippet":"max-snippet:-1","max-image-preview":"max-image-preview:large","max-video-preview":"max-video-preview:-1"},"canonical":"https:\/\/jperelloabogados.com\/en\/real-estate-law\/real-estate-law-specialist-in-pollenca-and-alcudia\/","og_locale":"en_US","og_type":"article","og_title":"Real Estate Law Specialist in Pollen\u00e7a and Alc\u00fadia - Jaume Perell&oacute; Abogados-Lawyers","og_description":"Real estate law - Jaume Perell&oacute; Abogados-Lawyers","og_url":"https:\/\/jperelloabogados.com\/en\/real-estate-law\/real-estate-law-specialist-in-pollenca-and-alcudia\/","og_site_name":"Jaume Perell&oacute; Abogados-Lawyers","article_publisher":"https:\/\/www.facebook.com\/JaumePerelloAbogados","article_published_time":"2024-12-17T07:36:42+00:00","article_modified_time":"2024-12-17T07:39:41+00:00","twitter_card":"summary_large_image","twitter_image":"https:\/\/jperelloabogados.com\/wp-content\/uploads\/2024\/12\/alcudia-mallorca.webp","twitter_misc":{"Written by":"admin","Est. reading time":"3 minutes"},"schema":{"@context":"https:\/\/schema.org","@graph":[{"@type":"Organization","@id":"https:\/\/jperelloabogados.com\/de\/#organization","name":"Jaume Perell\u00f3 Abogados","url":"https:\/\/jperelloabogados.com\/de\/","sameAs":["https:\/\/www.facebook.com\/JaumePerelloAbogados","https:\/\/www.instagram.com\/jaumeparro\/?hl=es"],"logo":{"@type":"ImageObject","@id":"https:\/\/jperelloabogados.com\/de\/#logo","inLanguage":"en-US","url":"https:\/\/jperelloabogados.com\/wp-content\/uploads\/2022\/01\/jperelloabogados-logo-2x-400x74-1.jpg","contentUrl":"https:\/\/jperelloabogados.com\/wp-content\/uploads\/2022\/01\/jperelloabogados-logo-2x-400x74-1.jpg","width":400,"height":74,"caption":"Jaume Perell\u00f3 Abogados"},"image":{"@id":"https:\/\/jperelloabogados.com\/de\/#logo"}},{"@type":"WebSite","@id":"https:\/\/jperelloabogados.com\/de\/#website","url":"https:\/\/jperelloabogados.com\/de\/","name":"Jaume Perell&oacute; Abogados-Lawyers","description":"Abogado en Inca (Mallorca) | Especialista en Derecho Inmobiliario y urban&iacute;stico.","publisher":{"@id":"https:\/\/jperelloabogados.com\/de\/#organization"},"potentialAction":[{"@type":"SearchAction","target":{"@type":"EntryPoint","urlTemplate":"https:\/\/jperelloabogados.com\/de\/?s={search_term_string}"},"query-input":"required name=search_term_string"}],"inLanguage":"en-US"},{"@type":"ImageObject","@id":"https:\/\/jperelloabogados.com\/en\/real-estate-law\/real-estate-law-specialist-in-pollenca-and-alcudia\/#primaryimage","inLanguage":"en-US","url":"https:\/\/jperelloabogados.com\/wp-content\/uploads\/2024\/12\/alcudia-mallorca.webp","contentUrl":"https:\/\/jperelloabogados.com\/wp-content\/uploads\/2024\/12\/alcudia-mallorca.webp","width":1792,"height":1024},{"@type":"WebPage","@id":"https:\/\/jperelloabogados.com\/en\/real-estate-law\/real-estate-law-specialist-in-pollenca-and-alcudia\/#webpage","url":"https:\/\/jperelloabogados.com\/en\/real-estate-law\/real-estate-law-specialist-in-pollenca-and-alcudia\/","name":"Real Estate Law Specialist in Pollen\u00e7a and Alc\u00fadia - Jaume Perell&oacute; Abogados-Lawyers","isPartOf":{"@id":"https:\/\/jperelloabogados.com\/de\/#website"},"primaryImageOfPage":{"@id":"https:\/\/jperelloabogados.com\/en\/real-estate-law\/real-estate-law-specialist-in-pollenca-and-alcudia\/#primaryimage"},"datePublished":"2024-12-17T07:36:42+00:00","dateModified":"2024-12-17T07:39:41+00:00","description":"Real estate law - Jaume Perell&oacute; Abogados-Lawyers","breadcrumb":{"@id":"https:\/\/jperelloabogados.com\/en\/real-estate-law\/real-estate-law-specialist-in-pollenca-and-alcudia\/#breadcrumb"},"inLanguage":"en-US","potentialAction":[{"@type":"ReadAction","target":["https:\/\/jperelloabogados.com\/en\/real-estate-law\/real-estate-law-specialist-in-pollenca-and-alcudia\/"]}]},{"@type":"BreadcrumbList","@id":"https:\/\/jperelloabogados.com\/en\/real-estate-law\/real-estate-law-specialist-in-pollenca-and-alcudia\/#breadcrumb","itemListElement":[{"@type":"ListItem","position":1,"name":"Portada","item":"https:\/\/jperelloabogados.com\/en\/"},{"@type":"ListItem","position":2,"name":"Real Estate Law Specialist in Pollen\u00e7a and Alc\u00fadia"}]},{"@type":"Article","@id":"https:\/\/jperelloabogados.com\/en\/real-estate-law\/real-estate-law-specialist-in-pollenca-and-alcudia\/#article","isPartOf":{"@id":"https:\/\/jperelloabogados.com\/en\/real-estate-law\/real-estate-law-specialist-in-pollenca-and-alcudia\/#webpage"},"author":{"@id":"https:\/\/jperelloabogados.com\/de\/#\/schema\/person\/28a862ab83bd23e6e086a13f527931dd"},"headline":"Real Estate Law Specialist in Pollen\u00e7a and Alc\u00fadia","datePublished":"2024-12-17T07:36:42+00:00","dateModified":"2024-12-17T07:39:41+00:00","mainEntityOfPage":{"@id":"https:\/\/jperelloabogados.com\/en\/real-estate-law\/real-estate-law-specialist-in-pollenca-and-alcudia\/#webpage"},"wordCount":480,"commentCount":0,"publisher":{"@id":"https:\/\/jperelloabogados.com\/de\/#organization"},"image":{"@id":"https:\/\/jperelloabogados.com\/en\/real-estate-law\/real-estate-law-specialist-in-pollenca-and-alcudia\/#primaryimage"},"thumbnailUrl":"https:\/\/jperelloabogados.com\/wp-content\/uploads\/2024\/12\/alcudia-mallorca.webp","keywords":["Alc\u00fadia","Pollen\u00e7a","real estate law"],"articleSection":["Real estate law"],"inLanguage":"en-US","potentialAction":[{"@type":"CommentAction","name":"Comment","target":["https:\/\/jperelloabogados.com\/en\/real-estate-law\/real-estate-law-specialist-in-pollenca-and-alcudia\/#respond"]}]},{"@type":"Person","@id":"https:\/\/jperelloabogados.com\/de\/#\/schema\/person\/28a862ab83bd23e6e086a13f527931dd","name":"admin","image":{"@type":"ImageObject","@id":"https:\/\/jperelloabogados.com\/de\/#personlogo","inLanguage":"en-US","url":"https:\/\/secure.gravatar.com\/avatar\/f2c5d7ffed1b0dd3cbefe39e13917f66?s=96&d=mm&r=g","contentUrl":"https:\/\/secure.gravatar.com\/avatar\/f2c5d7ffed1b0dd3cbefe39e13917f66?s=96&d=mm&r=g","caption":"admin"},"sameAs":["https:\/\/jperelloabogados.com"],"url":"https:\/\/jperelloabogados.com\/en\/author\/admin\/"}]}},"_links":{"self":[{"href":"https:\/\/jperelloabogados.com\/en\/wp-json\/wp\/v2\/posts\/3698"}],"collection":[{"href":"https:\/\/jperelloabogados.com\/en\/wp-json\/wp\/v2\/posts"}],"about":[{"href":"https:\/\/jperelloabogados.com\/en\/wp-json\/wp\/v2\/types\/post"}],"author":[{"embeddable":true,"href":"https:\/\/jperelloabogados.com\/en\/wp-json\/wp\/v2\/users\/1"}],"replies":[{"embeddable":true,"href":"https:\/\/jperelloabogados.com\/en\/wp-json\/wp\/v2\/comments?post=3698"}],"version-history":[{"count":2,"href":"https:\/\/jperelloabogados.com\/en\/wp-json\/wp\/v2\/posts\/3698\/revisions"}],"predecessor-version":[{"id":3703,"href":"https:\/\/jperelloabogados.com\/en\/wp-json\/wp\/v2\/posts\/3698\/revisions\/3703"}],"wp:featuredmedia":[{"embeddable":true,"href":"https:\/\/jperelloabogados.com\/en\/wp-json\/wp\/v2\/media\/3699"}],"wp:attachment":[{"href":"https:\/\/jperelloabogados.com\/en\/wp-json\/wp\/v2\/media?parent=3698"}],"wp:term":[{"taxonomy":"category","embeddable":true,"href":"https:\/\/jperelloabogados.com\/en\/wp-json\/wp\/v2\/categories?post=3698"},{"taxonomy":"post_tag","embeddable":true,"href":"https:\/\/jperelloabogados.com\/en\/wp-json\/wp\/v2\/tags?post=3698"}],"curies":[{"name":"wp","href":"https:\/\/api.w.org\/{rel}","templated":true}]}}